{"id":11,"date":"2023-06-22T17:26:20","date_gmt":"2023-06-22T15:26:20","guid":{"rendered":"http:\/\/lesherbesfollescollectif.fr\/index.php\/2023\/06\/22\/le-theatre-inclusif-une-experience-unique-de-partage-et-de-creativite\/"},"modified":"2023-06-22T17:26:20","modified_gmt":"2023-06-22T15:26:20","slug":"le-theatre-inclusif-une-experience-unique-de-partage-et-de-creativite","status":"publish","type":"post","link":"https:\/\/lesherbesfollescollectif.fr\/index.php\/2023\/06\/22\/le-theatre-inclusif-une-experience-unique-de-partage-et-de-creativite\/","title":{"rendered":"Le th\u00e9\u00e2tre inclusif : une exp\u00e9rience unique de partage et de cr\u00e9ativit\u00e9"},"content":{"rendered":"<h2>Un th\u00e9\u00e2tre pour tous<\/h2>\n<p>Le th\u00e9\u00e2tre inclusif est une forme de spectacle qui vise \u00e0 offrir une exp\u00e9rience unique \u00e0 tous les spectateurs, quels que soient leurs capacit\u00e9s ou leur situation. En effet, la particularit\u00e9 de ce type de th\u00e9\u00e2tre est qu&rsquo;il met en sc\u00e8ne des com\u00e9diens avec diverses diff\u00e9rences et handicaps.<\/p>\n<p>Que vous soyez en fauteuil roulant, malentendant ou atteint d&rsquo;un trouble du spectre autistique, vous \u00eates les bienvenus pour vivre cette exp\u00e9rience th\u00e9\u00e2trale inclusive et inspirante.<\/p>\n<h2>Un th\u00e9\u00e2tre qui va \u00e0 la rencontre de son public<\/h2>\n<p>Le th\u00e9\u00e2tre inclusif est itin\u00e9rant, ce qui signifie qu&rsquo;il se d\u00e9place dans diff\u00e9rentes r\u00e9gions pour aller \u00e0 la rencontre de son public. Que vous habitiez en ville ou en zone rurale, il y a de fortes chances qu&rsquo;une repr\u00e9sentation soit pr\u00e9vue pr\u00e8s de chez vous.<\/p>\n<p>Les compagnies de th\u00e9\u00e2tre inclusif travaillent en \u00e9troite collaboration avec les collectivit\u00e9s locales pour organiser des repr\u00e9sentations dans des lieux accessibles \u00e0 tous. Cela permet de d\u00e9mocratiser l&rsquo;acc\u00e8s au th\u00e9\u00e2tre et de cr\u00e9er des moments de partage et de d\u00e9couverte pour tous.<\/p>\n<h2>Un th\u00e9\u00e2tre aux formes multiples<\/h2>\n<p>Le th\u00e9\u00e2tre inclusif se d\u00e9cline sous diff\u00e9rentes formes pour offrir une exp\u00e9rience in\u00e9dite \u00e0 chaque repr\u00e9sentation. Vous pourrez ainsi assister \u00e0 des pi\u00e8ces de th\u00e9\u00e2tre classiques revisit\u00e9es, des spectacles de danse inclusifs ou encore des performances de mime et de clown.<\/p>\n<p>Ces diff\u00e9rentes formes permettent \u00e0 chacun de trouver son bonheur et de vivre une exp\u00e9rience artistique unique. Que vous soyez amateur de th\u00e9\u00e2tre traditionnel ou \u00e0 la recherche de nouvelles formes d&rsquo;expression artistique, le th\u00e9\u00e2tre inclusif saura vous surprendre et vous \u00e9merveiller.<\/p>\n","protected":false},"excerpt":{"rendered":"<p>Un th\u00e9\u00e2tre pour tous Le th\u00e9\u00e2tre inclusif est une forme de spectacle qui vise \u00e0 offrir une exp\u00e9rience unique \u00e0 tous les spectateurs, quels que soient leurs capacit\u00e9s ou leur situation. En effet, la particularit\u00e9 de ce type de th\u00e9\u00e2tre est qu&rsquo;il met en sc\u00e8ne des com\u00e9diens avec diverses diff\u00e9rences et handicaps. Que vous soyez [&hellip;]<\/p>\n","protected":false},"author":1,"featured_media":0,"comment_status":"open","ping_status":"open","sticky":false,"template":"","format":"standard","meta":{"_monsterinsights_skip_tracking":false,"_monsterinsights_sitenote_active":false,"_monsterinsights_sitenote_note":"","_monsterinsights_sitenote_category":0,"_uf_show_specific_survey":0,"_uf_disable_surveys":false,"footnotes":""},"categories":[1],"tags":[],"class_list":["post-11","post","type-post","status-publish","format-standard","hentry","category-blog"],"aioseo_notices":[],"_links":{"self":[{"href":"https:\/\/lesherbesfollescollectif.fr\/index.php\/wp-json\/wp\/v2\/posts\/11","targetHints":{"allow":["GET"]}}],"collection":[{"href":"https:\/\/lesherbesfollescollectif.fr\/index.php\/wp-json\/wp\/v2\/posts"}],"about":[{"href":"https:\/\/lesherbesfollescollectif.fr\/index.php\/wp-json\/wp\/v2\/types\/post"}],"author":[{"embeddable":true,"href":"https:\/\/lesherbesfollescollectif.fr\/index.php\/wp-json\/wp\/v2\/users\/1"}],"replies":[{"embeddable":true,"href":"https:\/\/lesherbesfollescollectif.fr\/index.php\/wp-json\/wp\/v2\/comments?post=11"}],"version-history":[{"count":0,"href":"https:\/\/lesherbesfollescollectif.fr\/index.php\/wp-json\/wp\/v2\/posts\/11\/revisions"}],"wp:attachment":[{"href":"https:\/\/lesherbesfollescollectif.fr\/index.php\/wp-json\/wp\/v2\/media?parent=11"}],"wp:term":[{"taxonomy":"category","embeddable":true,"href":"https:\/\/lesherbesfollescollectif.fr\/index.php\/wp-json\/wp\/v2\/categories?post=11"},{"taxonomy":"post_tag","embeddable":true,"href":"https:\/\/lesherbesfollescollectif.fr\/index.php\/wp-json\/wp\/v2\/tags?post=11"}],"curies":[{"name":"wp","href":"https:\/\/api.w.org\/{rel}","templated":true}]}}