{"id":6,"date":"2023-06-22T17:23:23","date_gmt":"2023-06-22T15:23:23","guid":{"rendered":"http:\/\/lesherbesfollescollectif.fr\/index.php\/2023\/06\/22\/le-theatre-inclusif-creer-des-connexions-et-inspirer-le-monde\/"},"modified":"2023-06-22T17:23:23","modified_gmt":"2023-06-22T15:23:23","slug":"le-theatre-inclusif-creer-des-connexions-et-inspirer-le-monde","status":"publish","type":"post","link":"https:\/\/lesherbesfollescollectif.fr\/index.php\/2023\/06\/22\/le-theatre-inclusif-creer-des-connexions-et-inspirer-le-monde\/","title":{"rendered":"Le Th\u00e9\u00e2tre Inclusif : Cr\u00e9er des Connexions et Inspirer le Monde"},"content":{"rendered":"<h2>Introduction<\/h2>\n<p>Bienvenue dans le monde du th\u00e9\u00e2tre inclusif, o\u00f9 les id\u00e9es se rencontrent, se m\u00e9langent et se transforment en performances uniques et passionnantes.<\/p>\n<p>Le th\u00e9\u00e2tre inclusif est bien plus qu&rsquo;une simple repr\u00e9sentation artistique. C&rsquo;est une exp\u00e9rience qui rassemble des personnes de tous horizons et capacit\u00e9s, cr\u00e9ant ainsi une communaut\u00e9 vibrante et diversifi\u00e9e. Par le biais de nos spectacles itin\u00e9rants et prot\u00e9iformes, nous apportons la magie du th\u00e9\u00e2tre \u00e0 des endroits inattendus et permettons \u00e0 chacun de participer et de s&rsquo;exprimer, quels que soient ses ant\u00e9c\u00e9dents ou ses comp\u00e9tences.<\/p>\n<h2>Section 1: Un Th\u00e9\u00e2tre pour Tous<\/h2>\n<p>Le th\u00e9\u00e2tre inclusif est fond\u00e9 sur le principe de l&rsquo;accessibilit\u00e9. Nous croyons que chacun a le droit d&rsquo;appr\u00e9cier et de participer aux arts, quelles que soient ses diff\u00e9rences. C&rsquo;est pourquoi nous nous engageons \u00e0 cr\u00e9er des spectacles qui tiennent compte des besoins sp\u00e9cifiques de notre public.<\/p>\n<p>Que vous soyez sourd, malvoyant, en fauteuil roulant ou que vous ayez des besoins particuliers, nos performances sont adapt\u00e9es pour vous. Nous utilisons des techniques et des technologies innovantes pour garantir une exp\u00e9rience th\u00e9\u00e2trale inclusive et immersive. Vous serez plong\u00e9 dans un monde de sensations et d&rsquo;\u00e9motions, o\u00f9 le langage corporel, la musique et les visuels se combinent pour cr\u00e9er une exp\u00e9rience inoubliable.<\/p>\n<h2>Section 2: L&rsquo;Art en Mouvement<\/h2>\n<p>Le th\u00e9\u00e2tre inclusif itin\u00e9rant nous permet de toucher des audiences vari\u00e9es dans des lieux uniques. Nous pensons que l&rsquo;art doit \u00eatre accessible \u00e0 tous, peu importe o\u00f9 vous vous trouvez. C&rsquo;est pourquoi nous nous d\u00e9pla\u00e7ons dans des communaut\u00e9s locales, des \u00e9coles, des h\u00f4pitaux et d&rsquo;autres espaces publics pour partager notre passion avec le plus grand nombre possible de personnes.<\/p>\n<p>Nous croyons \u00e9galement en l&rsquo;importance de collaborer avec d&rsquo;autres artistes et groupes communautaires. En travaillant ensemble, nous cr\u00e9ons des connexions qui d\u00e9passent les fronti\u00e8res et les diff\u00e9rences, nourrissant ainsi notre cr\u00e9ativit\u00e9 collective et produisant des spectacles uniques et inspirants.<\/p>\n<h2>Section 3: Transformer les Vies par l&rsquo;Art<\/h2>\n<p>Le th\u00e9\u00e2tre inclusif a le pouvoir de transformer des vies. En rejoignant notre communaut\u00e9 artistique, vous d\u00e9couvrirez de nouvelles perspectives, d\u00e9velopperez des comp\u00e9tences cr\u00e9atives et vous \u00e9panouirez en tant qu&rsquo;individu. Notre approche collaborative favorise l&rsquo;estime de soi, renforce la confiance en soi et encourage l&rsquo;expression personnelle.<\/p>\n<p>Que vous soyez un artiste \u00e9mergent, un amateur passionn\u00e9 ou simplement curieux de d\u00e9couvrir de nouvelles exp\u00e9riences artistiques, le th\u00e9\u00e2tre inclusif est fait pour vous. Rejoignez-nous dans cette aventure extraordinaire o\u00f9 les limites sont repouss\u00e9es, les id\u00e9es sont partag\u00e9es et les connexions sont cr\u00e9\u00e9es.<\/p>\n","protected":false},"excerpt":{"rendered":"<p>Introduction Bienvenue dans le monde du th\u00e9\u00e2tre inclusif, o\u00f9 les id\u00e9es se rencontrent, se m\u00e9langent et se transforment en performances uniques et passionnantes. Le th\u00e9\u00e2tre inclusif est bien plus qu&rsquo;une simple repr\u00e9sentation artistique. C&rsquo;est une exp\u00e9rience qui rassemble des personnes de tous horizons et capacit\u00e9s, cr\u00e9ant ainsi une communaut\u00e9 vibrante et diversifi\u00e9e. Par le biais [&hellip;]<\/p>\n","protected":false},"author":1,"featured_media":0,"comment_status":"open","ping_status":"open","sticky":false,"template":"","format":"standard","meta":{"_monsterinsights_skip_tracking":false,"_monsterinsights_sitenote_active":false,"_monsterinsights_sitenote_note":"","_monsterinsights_sitenote_category":0,"_uf_show_specific_survey":0,"_uf_disable_surveys":false,"footnotes":""},"categories":[1],"tags":[],"class_list":["post-6","post","type-post","status-publish","format-standard","hentry","category-blog"],"aioseo_notices":[],"_links":{"self":[{"href":"https:\/\/lesherbesfollescollectif.fr\/index.php\/wp-json\/wp\/v2\/posts\/6","targetHints":{"allow":["GET"]}}],"collection":[{"href":"https:\/\/lesherbesfollescollectif.fr\/index.php\/wp-json\/wp\/v2\/posts"}],"about":[{"href":"https:\/\/lesherbesfollescollectif.fr\/index.php\/wp-json\/wp\/v2\/types\/post"}],"author":[{"embeddable":true,"href":"https:\/\/lesherbesfollescollectif.fr\/index.php\/wp-json\/wp\/v2\/users\/1"}],"replies":[{"embeddable":true,"href":"https:\/\/lesherbesfollescollectif.fr\/index.php\/wp-json\/wp\/v2\/comments?post=6"}],"version-history":[{"count":0,"href":"https:\/\/lesherbesfollescollectif.fr\/index.php\/wp-json\/wp\/v2\/posts\/6\/revisions"}],"wp:attachment":[{"href":"https:\/\/lesherbesfollescollectif.fr\/index.php\/wp-json\/wp\/v2\/media?parent=6"}],"wp:term":[{"taxonomy":"category","embeddable":true,"href":"https:\/\/lesherbesfollescollectif.fr\/index.php\/wp-json\/wp\/v2\/categories?post=6"},{"taxonomy":"post_tag","embeddable":true,"href":"https:\/\/lesherbesfollescollectif.fr\/index.php\/wp-json\/wp\/v2\/tags?post=6"}],"curies":[{"name":"wp","href":"https:\/\/api.w.org\/{rel}","templated":true}]}}