{"id":7,"date":"2023-06-22T17:23:26","date_gmt":"2023-06-22T15:23:26","guid":{"rendered":"http:\/\/lesherbesfollescollectif.fr\/index.php\/2023\/06\/22\/theatre-inclusif-partageons-ensemble-la-magie-de-lart\/"},"modified":"2023-06-22T17:23:26","modified_gmt":"2023-06-22T15:23:26","slug":"theatre-inclusif-partageons-ensemble-la-magie-de-lart","status":"publish","type":"post","link":"https:\/\/lesherbesfollescollectif.fr\/index.php\/2023\/06\/22\/theatre-inclusif-partageons-ensemble-la-magie-de-lart\/","title":{"rendered":"Th\u00e9\u00e2tre Inclusif: Partageons ensemble la magie de l&rsquo;art"},"content":{"rendered":"<h2>Un th\u00e9\u00e2tre pour tous<\/h2>\n<p>Le th\u00e9\u00e2tre n&rsquo;est pas seulement r\u00e9serv\u00e9 \u00e0 une \u00e9lite, il est une exp\u00e9rience qui devrait \u00eatre accessible \u00e0 tous. C&rsquo;est pourquoi nous avons cr\u00e9\u00e9 un th\u00e9\u00e2tre inclusif, o\u00f9 chacun, peu importe son \u00e2ge, son origine ou ses capacit\u00e9s, peut participer et s&rsquo;\u00e9panouir.<\/p>\n<p>Nous croyons fermement que l&rsquo;art a le pouvoir de rassembler les gens et de briser les barri\u00e8res. Notre th\u00e9\u00e2tre inclusif offre un espace s\u00fbr et ouvert \u00e0 tous, o\u00f9 chacun peut s&rsquo;exprimer librement et d\u00e9velopper ses talents artistiques.<\/p>\n<h2>Un th\u00e9\u00e2tre itin\u00e9rant<\/h2>\n<p>Nous avons choisi d&rsquo;\u00eatre itin\u00e9rants afin de toucher un public plus large et de faire d\u00e9couvrir la magie du th\u00e9\u00e2tre \u00e0 des personnes qui n&rsquo;ont peut-\u00eatre pas eu la chance de l&rsquo;exp\u00e9rimenter auparavant. Que ce soit dans les \u00e9coles, les h\u00f4pitaux, les maisons de retraite ou les quartiers d\u00e9favoris\u00e9s, nous apportons le th\u00e9\u00e2tre l\u00e0 o\u00f9 il est le plus pr\u00e9cieux.<\/p>\n<p>Nous croyons que le th\u00e9\u00e2tre ne devrait pas \u00eatre limit\u00e9 \u00e0 un seul endroit. En \u00e9tant itin\u00e9rants, nous pouvons toucher des communaut\u00e9s diverses et \u00e9loign\u00e9es qui n&rsquo;auraient peut-\u00eatre pas eu l&rsquo;occasion de vivre cette exp\u00e9rience autrement.<\/p>\n<h2>Un th\u00e9\u00e2tre prot\u00e9iforme<\/h2>\n<p>Le th\u00e9\u00e2tre est un art aux multiples facettes. C&rsquo;est pourquoi nous proposons une vari\u00e9t\u00e9 de formes de th\u00e9\u00e2tre, allant du th\u00e9\u00e2tre traditionnel aux performances bas\u00e9es sur le mouvement ou le son. Notre objectif est d&rsquo;explorer les limites de l&rsquo;art th\u00e9\u00e2tral en exp\u00e9rimentant de nouvelles formes et en donnant une voix \u00e0 des artistes de tous horizons.<\/p>\n<p>Nous croyons que l&rsquo;art est en constante \u00e9volution et qu&rsquo;il est important d&rsquo;explorer de nouvelles avenues. En proposant un th\u00e9\u00e2tre prot\u00e9iforme, nous offrons \u00e0 notre public une exp\u00e9rience unique et enrichissante \u00e0 chaque repr\u00e9sentation.<\/p>\n","protected":false},"excerpt":{"rendered":"<p>Un th\u00e9\u00e2tre pour tous Le th\u00e9\u00e2tre n&rsquo;est pas seulement r\u00e9serv\u00e9 \u00e0 une \u00e9lite, il est une exp\u00e9rience qui devrait \u00eatre accessible \u00e0 tous. C&rsquo;est pourquoi nous avons cr\u00e9\u00e9 un th\u00e9\u00e2tre inclusif, o\u00f9 chacun, peu importe son \u00e2ge, son origine ou ses capacit\u00e9s, peut participer et s&rsquo;\u00e9panouir. Nous croyons fermement que l&rsquo;art a le pouvoir de [&hellip;]<\/p>\n","protected":false},"author":1,"featured_media":0,"comment_status":"open","ping_status":"open","sticky":false,"template":"","format":"standard","meta":{"_monsterinsights_skip_tracking":false,"_monsterinsights_sitenote_active":false,"_monsterinsights_sitenote_note":"","_monsterinsights_sitenote_category":0,"_uf_show_specific_survey":0,"_uf_disable_surveys":false,"footnotes":""},"categories":[1],"tags":[],"class_list":["post-7","post","type-post","status-publish","format-standard","hentry","category-blog"],"aioseo_notices":[],"_links":{"self":[{"href":"https:\/\/lesherbesfollescollectif.fr\/index.php\/wp-json\/wp\/v2\/posts\/7","targetHints":{"allow":["GET"]}}],"collection":[{"href":"https:\/\/lesherbesfollescollectif.fr\/index.php\/wp-json\/wp\/v2\/posts"}],"about":[{"href":"https:\/\/lesherbesfollescollectif.fr\/index.php\/wp-json\/wp\/v2\/types\/post"}],"author":[{"embeddable":true,"href":"https:\/\/lesherbesfollescollectif.fr\/index.php\/wp-json\/wp\/v2\/users\/1"}],"replies":[{"embeddable":true,"href":"https:\/\/lesherbesfollescollectif.fr\/index.php\/wp-json\/wp\/v2\/comments?post=7"}],"version-history":[{"count":0,"href":"https:\/\/lesherbesfollescollectif.fr\/index.php\/wp-json\/wp\/v2\/posts\/7\/revisions"}],"wp:attachment":[{"href":"https:\/\/lesherbesfollescollectif.fr\/index.php\/wp-json\/wp\/v2\/media?parent=7"}],"wp:term":[{"taxonomy":"category","embeddable":true,"href":"https:\/\/lesherbesfollescollectif.fr\/index.php\/wp-json\/wp\/v2\/categories?post=7"},{"taxonomy":"post_tag","embeddable":true,"href":"https:\/\/lesherbesfollescollectif.fr\/index.php\/wp-json\/wp\/v2\/tags?post=7"}],"curies":[{"name":"wp","href":"https:\/\/api.w.org\/{rel}","templated":true}]}}